{"id":199,"date":"2018-08-21T10:01:34","date_gmt":"2018-08-21T09:01:34","guid":{"rendered":"http:\/\/portugalferroviario.net\/politicas\/?p=199"},"modified":"2024-01-16T10:01:50","modified_gmt":"2024-01-16T09:01:50","slug":"os-problemas-de-capacidade-das-linhas-do-sul-e-alentejo","status":"publish","type":"post","link":"http:\/\/portugalferroviario.net\/politicas\/2018\/08\/21\/os-problemas-de-capacidade-das-linhas-do-sul-e-alentejo\/","title":{"rendered":"Os problemas de capacidade das linhas do Sul e Alentejo"},"content":{"rendered":"<p>Neste cap\u00edtulo de uma s\u00e9rie de artigos dedicados ao tr\u00e2nsito ferrovi\u00e1rio de e para Sines abordo o problema da capacidade para o tr\u00e2nsito ferrovi\u00e1rio.<\/p>\n<p>No primeiro artigo desta s\u00e9rie abordei a compara\u00e7\u00e3o entre a nova linha de Sines (que foi cancelada algures o ano passado) e a renova\u00e7\u00e3o da linha existente. Como j\u00e1 escrevi ent\u00e3o, a renova\u00e7\u00e3o da linha existente traz desde logo o problema de se ter de pensar na duplica\u00e7\u00e3o (bastante cara) do tro\u00e7o Ermidas &#8211; Gr\u00e2ndola, na linha do Sul. Assim, essa \u00e9 uma problem\u00e1tica que n\u00e3o abordo aqui.<\/p>\n<p>A linha do Sul tem actualmente um outro tro\u00e7o saturado &#8211; que \u00e9 ali\u00e1s o ponto mais negro de toda a linha: trata-se do tro\u00e7o Pinheiro &#8211; \u00c1guas de Moura, que liga o n\u00f3 ferrovi\u00e1rio do Poceir\u00e3o \/ Set\u00fabal com a bifurca\u00e7\u00e3o da linha do Sul e variante de Alc\u00e1cer, a Sul.<\/p>\n<div id=\"attachment_200\" style=\"width: 853px\" class=\"wp-caption aligncenter\"><img loading=\"lazy\" decoding=\"async\" aria-describedby=\"caption-attachment-200\" class=\"size-full wp-image-200\" src=\"http:\/\/portugalferroviario.net\/politicas\/wp-content\/uploads\/sites\/2\/2018\/08\/marateca.jpg\" alt=\"\" width=\"843\" height=\"170\" srcset=\"http:\/\/portugalferroviario.net\/politicas\/wp-content\/uploads\/sites\/2\/2018\/08\/marateca.jpg 843w, http:\/\/portugalferroviario.net\/politicas\/wp-content\/uploads\/sites\/2\/2018\/08\/marateca-300x60.jpg 300w, http:\/\/portugalferroviario.net\/politicas\/wp-content\/uploads\/sites\/2\/2018\/08\/marateca-768x155.jpg 768w\" sizes=\"auto, (max-width: 843px) 100vw, 843px\" \/><p id=\"caption-attachment-200\" class=\"wp-caption-text\">Viaduto da Marateca, a maior obra de arte do tro\u00e7o Pinheiro &#8211; \u00c1guas de Moura<\/p><\/div>\n<p>O crescimento esperado de Sines, sobretudo com a abertura da linha \u00c9vora &#8211; Elvas que abre perspectivas in\u00e9ditas ao porto alentejano, trar\u00e1 uma press\u00e3o incomport\u00e1vel a prazo tamb\u00e9m para este tro\u00e7o.<\/p>\n<p>Tamb\u00e9m o tro\u00e7o Poceir\u00e3o &#8211; Bombel, na linha do Alentejo, est\u00e1 \u00e0 beira da satura\u00e7\u00e3o. Estava at\u00e9 prevista a sua duplica\u00e7\u00e3o no PETI3+, obra retirada do Ferrovias 2020. Este tro\u00e7o n\u00e3o tem especiais dificuldades para a sua duplica\u00e7\u00e3o.<\/p>\n<p>O imediatismo mandar\u00e1 olhar para este itiner\u00e1rio cl\u00e1ssico mas, como em artigos anteriores, proponho outra vis\u00e3o e uma compara\u00e7\u00e3o.<\/p>\n<p><strong>Sines &#8211; Caia, via Poceir\u00e3o ou via Beja?<\/strong><\/p>\n<p>Os comboios de Sines para a fronteira (em dire\u00e7\u00e3o a M\u00e9rida, Madrid e Valencia, os destinos mais prov\u00e1veis) ser\u00e3o a maior press\u00e3o na linha do Sul na pr\u00f3xima d\u00e9cada pelo menos.<\/p>\n<p>O itiner\u00e1rio pensado levar\u00e1 os comboios a circular via Poceir\u00e3o e Vendas Novas, cumprindo a dist\u00e2ncia entre Ermidas-Sado (bifurca\u00e7\u00e3o de acesso \u00e0 linha de Sines) e \u00c9vora (de onde sai a linha para Espanha) em cerca de 2h05 e ao cabo de 172 quil\u00f3metros.<\/p>\n<p>Via Beja, os comboios poder\u00e3o demorar cerca de 2h15 cumprindo 184 quil\u00f3metros, diferen\u00e7a perfeitamente desprez\u00e1vel para circula\u00e7\u00f5es de mercadorias. Por Beja, os comboios aproveitam a via dupla entre Ermidas-Sado e Torre V\u00e3 e posteriormente passam por tro\u00e7os de via \u00fanica pouco saturadas (Torre V\u00e3 &#8211; Funcheira, onde passam 15 a 20 comboios por dia, apenas) ou quase desertas (Funcheira &#8211; Casa Branca, que inclui a sec\u00e7\u00e3o Ourique &#8211; Beja cujo tr\u00e1fego est\u00e1 suspenso).<\/p>\n<p>Assumindo a necessidade de refor\u00e7ar capacidade no itiner\u00e1rio cl\u00e1ssico, a duplica\u00e7\u00e3o Pinheiro &#8211; \u00c1guas de Moura e Poceir\u00e3o &#8211; Bombel poder\u00e1 cifrar-se em cerca de 50M\u20ac, utilizando os custos de refer\u00eancia da Infraestruturas de Portugal, no total dos 36 quil\u00f3metros a intervir.<\/p>\n<div id=\"attachment_202\" style=\"width: 1034px\" class=\"wp-caption aligncenter\"><img loading=\"lazy\" decoding=\"async\" aria-describedby=\"caption-attachment-202\" class=\"size-large wp-image-202\" src=\"http:\/\/portugalferroviario.net\/politicas\/wp-content\/uploads\/sites\/2\/2018\/08\/20180603163517-fffe7c8b-1024x683.jpg\" alt=\"\" width=\"1024\" height=\"683\" srcset=\"http:\/\/portugalferroviario.net\/politicas\/wp-content\/uploads\/sites\/2\/2018\/08\/20180603163517-fffe7c8b-1024x683.jpg 1024w, http:\/\/portugalferroviario.net\/politicas\/wp-content\/uploads\/sites\/2\/2018\/08\/20180603163517-fffe7c8b-300x200.jpg 300w, http:\/\/portugalferroviario.net\/politicas\/wp-content\/uploads\/sites\/2\/2018\/08\/20180603163517-fffe7c8b-768x512.jpg 768w, http:\/\/portugalferroviario.net\/politicas\/wp-content\/uploads\/sites\/2\/2018\/08\/20180603163517-fffe7c8b.jpg 1200w\" sizes=\"auto, (max-width: 1024px) 100vw, 1024px\" \/><p id=\"caption-attachment-202\" class=\"wp-caption-text\">O investimento na via dupla a Sul de Torre V\u00e3 serve apenas 15 a 20 comboios por dia e poderia ser rentabilizado<\/p><\/div>\n<p>Via Beja, seria necess\u00e1rio renovar a via entre Beja e Ourique (52,4 quil\u00f3metros), bem como proceder \u00e0 sua electrifica\u00e7\u00e3o e automatiza\u00e7\u00e3o da gest\u00e3o do tr\u00e1fego, um investimento que se cifraria em cerca de 36M\u20ac se o objectivo for circular a 80 km\/h (amplamente suficiente, e assegurando limita\u00e7\u00e3o de gastos de manuten\u00e7\u00e3o futuros). Excluo os custos da renova\u00e7\u00e3o e electrifica\u00e7\u00e3o da linha Beja &#8211; Casa Branca (<a href=\"https:\/\/portugalferroviario.net\/politicas\/2017\/05\/11\/ligacoes-ferroviarias-a-beja\/\" target=\"_blank\" rel=\"noopener\">ou Beja &#8211; \u00c9vora, como proponho<\/a>), j\u00e1 que a sua justifica\u00e7\u00e3o \u00e9 independente e a obra avan\u00e7ar\u00e1 sempre, com ou sem Sines.<\/p>\n<p>A vantagem de fazer circular os comboios via Beja \u00e9 financeira mas tamb\u00e9m \u00e9 operacional, uma vez que recuperaria uma importante redund\u00e2ncia na rede ferrovi\u00e1ria a Sul, com a recupera\u00e7\u00e3o do tro\u00e7o Ourique &#8211; Beja. A fiabilidade do sistema ferrovi\u00e1rio depende muito da exist\u00eancia de redund\u00e2ncias, e em Portugal n\u00e3o existem. Por outro lado, aumentaria o interesse econ\u00f3mico da electrifica\u00e7\u00e3o da linha do Alentejo at\u00e9 Beja, que aparentemente ser\u00e1 mesmo feita por se ter tornado insustent\u00e1vel o ostracismo a que esta capital de distrito tem sido votada. Ficaria ainda dispon\u00edvel um grande corredor Norte &#8211; Algarve, via Beja, evitando circula\u00e7\u00e3o pela linha do Sul e garantindo que n\u00e3o ser\u00e3o necess\u00e1rios grandes investimentos na sua duplica\u00e7\u00e3o no longo prazo, orientando para o Alentejo algumas circula\u00e7\u00f5es de mercadorias que existem e que poder\u00e3o vir a existir. Incentivos tarif\u00e1rios devem ali\u00e1s reflectir o interesse que a rede tem em encaminhar comboios por Beja.<\/p>\n","protected":false},"excerpt":{"rendered":"<p>Neste cap\u00edtulo de uma s\u00e9rie de artigos dedicados ao tr\u00e2nsito ferrovi\u00e1rio de e para Sines abordo o problema da capacidade para o tr\u00e2nsito ferrovi\u00e1rio. No primeiro artigo desta s\u00e9rie abordei a compara\u00e7\u00e3o entre a nova linha de Sines (que foi cancelada algures o ano passado) e a renova\u00e7\u00e3o da linha existente. Como j\u00e1 escrevi ent\u00e3o,&hellip;<\/p>\n","protected":false},"author":1,"featured_media":201,"comment_status":"open","ping_status":"open","sticky":false,"template":"","format":"standard","meta":{"_uf_show_specific_survey":0,"_uf_disable_surveys":false,"footnotes":""},"categories":[4],"tags":[43,5,25,47],"class_list":["post-199","post","type-post","status-publish","format-standard","has-post-thumbnail","hentry","category-rede-ferroviaria-nacional","tag-bloqueios","tag-linha-do-alentejo","tag-linha-do-sul","tag-propostas"],"jetpack_featured_media_url":"http:\/\/portugalferroviario.net\/politicas\/wp-content\/uploads\/sites\/2\/2018\/08\/20150522221146-f4e0f5da.jpg","_links":{"self":[{"href":"http:\/\/portugalferroviario.net\/politicas\/wp-json\/wp\/v2\/posts\/199","targetHints":{"allow":["GET"]}}],"collection":[{"href":"http:\/\/portugalferroviario.net\/politicas\/wp-json\/wp\/v2\/posts"}],"about":[{"href":"http:\/\/portugalferroviario.net\/politicas\/wp-json\/wp\/v2\/types\/post"}],"author":[{"embeddable":true,"href":"http:\/\/portugalferroviario.net\/politicas\/wp-json\/wp\/v2\/users\/1"}],"replies":[{"embeddable":true,"href":"http:\/\/portugalferroviario.net\/politicas\/wp-json\/wp\/v2\/comments?post=199"}],"version-history":[{"count":1,"href":"http:\/\/portugalferroviario.net\/politicas\/wp-json\/wp\/v2\/posts\/199\/revisions"}],"predecessor-version":[{"id":203,"href":"http:\/\/portugalferroviario.net\/politicas\/wp-json\/wp\/v2\/posts\/199\/revisions\/203"}],"wp:featuredmedia":[{"embeddable":true,"href":"http:\/\/portugalferroviario.net\/politicas\/wp-json\/wp\/v2\/media\/201"}],"wp:attachment":[{"href":"http:\/\/portugalferroviario.net\/politicas\/wp-json\/wp\/v2\/media?parent=199"}],"wp:term":[{"taxonomy":"category","embeddable":true,"href":"http:\/\/portugalferroviario.net\/politicas\/wp-json\/wp\/v2\/categories?post=199"},{"taxonomy":"post_tag","embeddable":true,"href":"http:\/\/portugalferroviario.net\/politicas\/wp-json\/wp\/v2\/tags?post=199"}],"curies":[{"name":"wp","href":"https:\/\/api.w.org\/{rel}","templated":true}]}}