{"id":849,"date":"2025-12-29T14:33:02","date_gmt":"2025-12-29T13:33:02","guid":{"rendered":"https:\/\/portugalferroviario.net\/politicas\/?p=849"},"modified":"2025-12-29T14:33:04","modified_gmt":"2025-12-29T13:33:04","slug":"devia-se-integrar-a-infraestrutura-na-cp-ou-a-cp-na-infraestrutura","status":"publish","type":"post","link":"https:\/\/portugalferroviario.net\/politicas\/2025\/12\/29\/devia-se-integrar-a-infraestrutura-na-cp-ou-a-cp-na-infraestrutura\/","title":{"rendered":"Devia-se integrar a infraestrutura na CP ou a CP na infraestrutura?"},"content":{"rendered":"\n<p>J\u00e1 aqui disse o quanto me aborrece esta discuss\u00e3o &#8211; porque qualquer modelo pode funcionar &#8211; <a href=\"https:\/\/portugalferroviario.net\/politicas\/2025\/08\/08\/one-size-does-not-fit-all\/\">One size does not fit all \u2013 Transporte Ferrovi\u00e1rio<\/a><\/p>\n\n\n\n<p>Mas de vez em quando temos demonstra\u00e7\u00f5es p\u00fablicas que s\u00e3o fant\u00e1sticas pelo menos para responder \u00e0 pergunta: ser\u00e1 que isto n\u00e3o est\u00e1 tudo mal porque se tirou a infraestrutura \u00e0 CP?<\/p>\n\n\n\n<p>Ora vejam o seguinte post e digam-me o que quer a CP que a IP fa\u00e7a. Surreal.<\/p>\n\n\n\n<p><a href=\"https:\/\/www.vizinhos.org\/propostas\/resposta-da-vizinhos-em-lisboa-cp-comboios-de-portugal-e-infraestruturas-de-portugal\">Resposta da Vizinhos em Lisboa \u00e0 CP \u2013 Comboios de Portugal e \u00e0 Infraestruturas de Portugal<\/a><\/p>\n\n\n\n<p>PS: A imagem deste artigo n\u00e3o \u00e9 um erro. Sempre traz sabor.<\/p>\n","protected":false},"excerpt":{"rendered":"<p>J\u00e1 aqui disse o quanto me aborrece esta discuss\u00e3o &#8211; porque qualquer modelo pode funcionar &#8211; One size does not fit all \u2013 Transporte Ferrovi\u00e1rio Mas de vez em quando temos demonstra\u00e7\u00f5es p\u00fablicas que s\u00e3o fant\u00e1sticas pelo menos para responder \u00e0 pergunta: ser\u00e1 que isto n\u00e3o est\u00e1 tudo mal porque se tirou a infraestrutura \u00e0&hellip;<\/p>\n","protected":false},"author":1,"featured_media":850,"comment_status":"open","ping_status":"open","sticky":false,"template":"","format":"standard","meta":{"_uf_show_specific_survey":0,"_uf_disable_surveys":false,"footnotes":""},"categories":[34],"tags":[40,87],"class_list":["post-849","post","type-post","status-publish","format-standard","has-post-thumbnail","hentry","category-operacoes","tag-cp-comboios-de-portugal","tag-wtf"],"jetpack_featured_media_url":"https:\/\/portugalferroviario.net\/politicas\/wp-content\/uploads\/sites\/2\/2025\/12\/image.png","_links":{"self":[{"href":"https:\/\/portugalferroviario.net\/politicas\/wp-json\/wp\/v2\/posts\/849","targetHints":{"allow":["GET"]}}],"collection":[{"href":"https:\/\/portugalferroviario.net\/politicas\/wp-json\/wp\/v2\/posts"}],"about":[{"href":"https:\/\/portugalferroviario.net\/politicas\/wp-json\/wp\/v2\/types\/post"}],"author":[{"embeddable":true,"href":"https:\/\/portugalferroviario.net\/politicas\/wp-json\/wp\/v2\/users\/1"}],"replies":[{"embeddable":true,"href":"https:\/\/portugalferroviario.net\/politicas\/wp-json\/wp\/v2\/comments?post=849"}],"version-history":[{"count":1,"href":"https:\/\/portugalferroviario.net\/politicas\/wp-json\/wp\/v2\/posts\/849\/revisions"}],"predecessor-version":[{"id":851,"href":"https:\/\/portugalferroviario.net\/politicas\/wp-json\/wp\/v2\/posts\/849\/revisions\/851"}],"wp:featuredmedia":[{"embeddable":true,"href":"https:\/\/portugalferroviario.net\/politicas\/wp-json\/wp\/v2\/media\/850"}],"wp:attachment":[{"href":"https:\/\/portugalferroviario.net\/politicas\/wp-json\/wp\/v2\/media?parent=849"}],"wp:term":[{"taxonomy":"category","embeddable":true,"href":"https:\/\/portugalferroviario.net\/politicas\/wp-json\/wp\/v2\/categories?post=849"},{"taxonomy":"post_tag","embeddable":true,"href":"https:\/\/portugalferroviario.net\/politicas\/wp-json\/wp\/v2\/tags?post=849"}],"curies":[{"name":"wp","href":"https:\/\/api.w.org\/{rel}","templated":true}]}}